{"id":6010,"date":"2026-03-09T15:44:23","date_gmt":"2026-03-09T14:44:23","guid":{"rendered":"https:\/\/osp.slonsk.pl\/?p=6010"},"modified":"2026-03-09T15:44:55","modified_gmt":"2026-03-09T14:44:55","slug":"walne-zebranie-sprawozdawczo-wyborcze-za-nami","status":"publish","type":"post","link":"https:\/\/osp.slonsk.pl\/?p=6010","title":{"rendered":"Walne zebranie Sprawozdawczo-Wyborcze za nami"},"content":{"rendered":"\n<p>27 lutego 2026 w sali wiejskiej w S\u0142o\u0144sku odby\u0142o si\u0119 Walne zebranie Sprawozdawczo &#8211; Wyborcze druh\u00f3w OSP S\u0142o\u0144sk.<\/p>\n<p><!--more--><\/p>\n<p>W trakcie zebrania udzielono absolutorium ust\u0119puj\u0105cemu Zarz\u0105dowi i wybrano w\u0142adze na kolejn\u0105 kadencj\u0119.<\/p>\n<p>Sk\u0142ad Zarz\u0105du przedstawia si\u0119 nast\u0119puj\u0105co<\/p>\n<ul>\n<li>Prezes \u2013 Wojciech Zimmerman<\/li>\n<li>Vice prezes naczelnik \u2013 Pawe\u0142 Pietruszka<\/li>\n<li>Vice prezes \u2013 Roman Matkowski<\/li>\n<li>Gospodarz \u2013 Eugeniusz Soza\u0144ski<\/li>\n<li>Skarbnik \u2013 Janusz Radecki<\/li>\n<li>Sekretarz &#8211; Pawe\u0142 Czarnecki<\/li>\n<li>Cz\u0142onek \u2013 kronikarz \u2013 Micha\u0142 Hrysiukowicz<\/li>\n<li>Cz\u0142onek \u2013 Mi\u0142osz Nowacki<\/li>\n<li>Cz\u0142onek \u2013 Dawid Trocka<\/li>\n<\/ul>\n<p>Komisja Rewizyjna<\/p>\n<ul>\n<li>Przewodnicz\u0105cy \u2013 Tomasz Musia\u0142<\/li>\n<li>Wiceprzewodnicz\u0105cy \u2013 Micha\u0142 Trocka<\/li>\n<li>Sekretarz- \u0141ukasz Taraszewski<\/li>\n<\/ul>\n\n\n\n\n\n<figure class=\"wp-block-image size-full\"><a href=\"https:\/\/osp.slonsk.pl\/wp-content\/uploads\/2026\/03\/2026.02.jpg\"><img loading=\"lazy\" decoding=\"async\" width=\"999\" height=\"544\" src=\"https:\/\/osp.slonsk.pl\/wp-content\/uploads\/2026\/03\/2026.02.jpg\" alt=\"\" class=\"wp-image-6011\" srcset=\"https:\/\/osp.slonsk.pl\/wp-content\/uploads\/2026\/03\/2026.02.jpg 999w, https:\/\/osp.slonsk.pl\/wp-content\/uploads\/2026\/03\/2026.02-300x163.jpg 300w, https:\/\/osp.slonsk.pl\/wp-content\/uploads\/2026\/03\/2026.02-768x418.jpg 768w\" sizes=\"auto, (max-width: 999px) 100vw, 999px\" \/><\/a><\/figure>\n","protected":false},"excerpt":{"rendered":"<p>27 lutego 2026 w sali wiejskiej w S\u0142o\u0144sku odby\u0142o si\u0119 Walne zebranie Sprawozdawczo &#8211; Wyborcze druh\u00f3w OSP S\u0142o\u0144sk.<\/p>\n","protected":false},"author":1,"featured_media":6011,"comment_status":"closed","ping_status":"closed","sticky":false,"template":"","format":"standard","meta":{"footnotes":""},"categories":[10],"tags":[],"class_list":["post-6010","post","type-post","status-publish","format-standard","has-post-thumbnail","hentry","category-aktualnosci"],"_links":{"self":[{"href":"https:\/\/osp.slonsk.pl\/index.php?rest_route=\/wp\/v2\/posts\/6010","targetHints":{"allow":["GET"]}}],"collection":[{"href":"https:\/\/osp.slonsk.pl\/index.php?rest_route=\/wp\/v2\/posts"}],"about":[{"href":"https:\/\/osp.slonsk.pl\/index.php?rest_route=\/wp\/v2\/types\/post"}],"author":[{"embeddable":true,"href":"https:\/\/osp.slonsk.pl\/index.php?rest_route=\/wp\/v2\/users\/1"}],"replies":[{"embeddable":true,"href":"https:\/\/osp.slonsk.pl\/index.php?rest_route=%2Fwp%2Fv2%2Fcomments&post=6010"}],"version-history":[{"count":1,"href":"https:\/\/osp.slonsk.pl\/index.php?rest_route=\/wp\/v2\/posts\/6010\/revisions"}],"predecessor-version":[{"id":6012,"href":"https:\/\/osp.slonsk.pl\/index.php?rest_route=\/wp\/v2\/posts\/6010\/revisions\/6012"}],"wp:featuredmedia":[{"embeddable":true,"href":"https:\/\/osp.slonsk.pl\/index.php?rest_route=\/wp\/v2\/media\/6011"}],"wp:attachment":[{"href":"https:\/\/osp.slonsk.pl\/index.php?rest_route=%2Fwp%2Fv2%2Fmedia&parent=6010"}],"wp:term":[{"taxonomy":"category","embeddable":true,"href":"https:\/\/osp.slonsk.pl\/index.php?rest_route=%2Fwp%2Fv2%2Fcategories&post=6010"},{"taxonomy":"post_tag","embeddable":true,"href":"https:\/\/osp.slonsk.pl\/index.php?rest_route=%2Fwp%2Fv2%2Ftags&post=6010"}],"curies":[{"name":"wp","href":"https:\/\/api.w.org\/{rel}","templated":true}]}}