{"id":4165,"date":"2018-02-07T08:35:14","date_gmt":"2018-02-07T07:35:14","guid":{"rendered":"http:\/\/osp.slonsk.pl\/?p=4165"},"modified":"2018-02-07T08:35:14","modified_gmt":"2018-02-07T07:35:14","slug":"osp-slonsk-uroczystosciach-73-rocznicy-mordu-wiezniow-obozu-sonnenburg","status":"publish","type":"post","link":"https:\/\/osp.slonsk.pl\/?p=4165","title":{"rendered":"OSP S\u0142o\u0144sk na uroczysto\u015bciach 73 rocznicy mordu wi\u0119\u017ani\u00f3w obozu Sonnenburg"},"content":{"rendered":"<p>W dniu 2 lutego br. odby\u0142y si\u0119 w S\u0142o\u0144sku uroczysto\u015bci 73 rocznicy wyzwolenia S\u0142o\u0144ska i mordu 819 wi\u0119\u017ani\u00f3w Obozu Sonnenburg.<\/p>\n<p><!--more--><\/p>\n<p><span id=\"more-3737\"><\/span>W tych obchodach udzia\u0142 wzi\u0119li r\u00f3wnie\u017c przedstawiciele Ochotniczej Stra\u017cy Po\u017carnej w S\u0142o\u0144sku w osobach Dariusz \u0141uczak, Mi\u0142osz Nowacki i Janusz Radecki, kt\u00f3rzy wystawili poczet sztandarowy naszej jednostki, a druhowie Pawe\u0142 Czarnecki i Roman Matkowski z\u0142o\u017cyli kwiaty przy pomniku ofiar ci\u0119\u017ckiego wi\u0119zienia i obozu Sonnenburg i na cmentarzu jenieckim.<\/p>\n<div data-carousel-extra='{\"blog_id\":1,\"permalink\":\"https:\\\/\\\/osp.slonsk.pl\\\/?p=4165\",\"likes_blog_id\":false}' id='gallery-1' class='gallery galleryid-4165 gallery-columns-4 gallery-size-thumbnail'><figure class='gallery-item'>\n\t\t\t<div class='gallery-icon landscape'>\n\t\t\t\t<a href='https:\/\/osp.slonsk.pl\/wp-content\/uploads\/2018\/02\/2018_02_02_73_rocznica_mordu_wiezniow_obozu_Sonnenburg_fot100.jpg'><img loading=\"lazy\" decoding=\"async\" width=\"150\" height=\"150\" src=\"https:\/\/osp.slonsk.pl\/wp-content\/uploads\/2018\/02\/2018_02_02_73_rocznica_mordu_wiezniow_obozu_Sonnenburg_fot100-150x150.jpg\" class=\"attachment-thumbnail size-thumbnail\" alt=\"\" srcset=\"https:\/\/osp.slonsk.pl\/wp-content\/uploads\/2018\/02\/2018_02_02_73_rocznica_mordu_wiezniow_obozu_Sonnenburg_fot100-150x150.jpg 150w, https:\/\/osp.slonsk.pl\/wp-content\/uploads\/2018\/02\/2018_02_02_73_rocznica_mordu_wiezniow_obozu_Sonnenburg_fot100-300x300.jpg 300w, https:\/\/osp.slonsk.pl\/wp-content\/uploads\/2018\/02\/2018_02_02_73_rocznica_mordu_wiezniow_obozu_Sonnenburg_fot100-400x400.jpg 400w\" sizes=\"auto, (max-width: 150px) 100vw, 150px\" data-attachment-id=\"4166\" data-orig-file=\"https:\/\/osp.slonsk.pl\/wp-content\/uploads\/2018\/02\/2018_02_02_73_rocznica_mordu_wiezniow_obozu_Sonnenburg_fot100.jpg\" data-orig-size=\"800,609\" data-comments-opened=\"0\" data-image-meta=\"{&quot;aperture&quot;:&quot;0&quot;,&quot;credit&quot;:&quot;&quot;,&quot;camera&quot;:&quot;&quot;,&quot;caption&quot;:&quot;&quot;,&quot;created_timestamp&quot;:&quot;0&quot;,&quot;copyright&quot;:&quot;&quot;,&quot;focal_length&quot;:&quot;0&quot;,&quot;iso&quot;:&quot;0&quot;,&quot;shutter_speed&quot;:&quot;0&quot;,&quot;title&quot;:&quot;&quot;,&quot;orientation&quot;:&quot;0&quot;,&quot;keywords&quot;:&quot;Array&quot;}\" data-image-title=\"2018_02_02_73_rocznica_mordu_wiezniow_obozu_Sonnenburg_fot100\" data-image-description=\"\" data-medium-file=\"https:\/\/osp.slonsk.pl\/wp-content\/uploads\/2018\/02\/2018_02_02_73_rocznica_mordu_wiezniow_obozu_Sonnenburg_fot100-300x228.jpg\" data-large-file=\"https:\/\/osp.slonsk.pl\/wp-content\/uploads\/2018\/02\/2018_02_02_73_rocznica_mordu_wiezniow_obozu_Sonnenburg_fot100.jpg\" \/><\/a>\n\t\t\t<\/div><\/figure><figure class='gallery-item'>\n\t\t\t<div class='gallery-icon landscape'>\n\t\t\t\t<a href='https:\/\/osp.slonsk.pl\/wp-content\/uploads\/2018\/02\/2018_02_02_73_rocznica_mordu_wiezniow_obozu_Sonnenburg_fot101.jpg'><img loading=\"lazy\" decoding=\"async\" width=\"150\" height=\"150\" src=\"https:\/\/osp.slonsk.pl\/wp-content\/uploads\/2018\/02\/2018_02_02_73_rocznica_mordu_wiezniow_obozu_Sonnenburg_fot101-150x150.jpg\" class=\"attachment-thumbnail size-thumbnail\" alt=\"\" srcset=\"https:\/\/osp.slonsk.pl\/wp-content\/uploads\/2018\/02\/2018_02_02_73_rocznica_mordu_wiezniow_obozu_Sonnenburg_fot101-150x150.jpg 150w, https:\/\/osp.slonsk.pl\/wp-content\/uploads\/2018\/02\/2018_02_02_73_rocznica_mordu_wiezniow_obozu_Sonnenburg_fot101-300x300.jpg 300w, https:\/\/osp.slonsk.pl\/wp-content\/uploads\/2018\/02\/2018_02_02_73_rocznica_mordu_wiezniow_obozu_Sonnenburg_fot101-400x400.jpg 400w\" sizes=\"auto, (max-width: 150px) 100vw, 150px\" data-attachment-id=\"4167\" data-orig-file=\"https:\/\/osp.slonsk.pl\/wp-content\/uploads\/2018\/02\/2018_02_02_73_rocznica_mordu_wiezniow_obozu_Sonnenburg_fot101.jpg\" data-orig-size=\"800,609\" data-comments-opened=\"0\" data-image-meta=\"{&quot;aperture&quot;:&quot;0&quot;,&quot;credit&quot;:&quot;&quot;,&quot;camera&quot;:&quot;&quot;,&quot;caption&quot;:&quot;&quot;,&quot;created_timestamp&quot;:&quot;0&quot;,&quot;copyright&quot;:&quot;&quot;,&quot;focal_length&quot;:&quot;0&quot;,&quot;iso&quot;:&quot;0&quot;,&quot;shutter_speed&quot;:&quot;0&quot;,&quot;title&quot;:&quot;&quot;,&quot;orientation&quot;:&quot;0&quot;,&quot;keywords&quot;:&quot;Array&quot;}\" data-image-title=\"2018_02_02_73_rocznica_mordu_wiezniow_obozu_Sonnenburg_fot101\" data-image-description=\"\" data-medium-file=\"https:\/\/osp.slonsk.pl\/wp-content\/uploads\/2018\/02\/2018_02_02_73_rocznica_mordu_wiezniow_obozu_Sonnenburg_fot101-300x228.jpg\" data-large-file=\"https:\/\/osp.slonsk.pl\/wp-content\/uploads\/2018\/02\/2018_02_02_73_rocznica_mordu_wiezniow_obozu_Sonnenburg_fot101.jpg\" \/><\/a>\n\t\t\t<\/div><\/figure><figure class='gallery-item'>\n\t\t\t<div class='gallery-icon landscape'>\n\t\t\t\t<a href='https:\/\/osp.slonsk.pl\/wp-content\/uploads\/2018\/02\/2018_02_02_73_rocznica_mordu_wiezniow_obozu_Sonnenburg_fot102.jpg'><img loading=\"lazy\" decoding=\"async\" width=\"150\" height=\"150\" src=\"https:\/\/osp.slonsk.pl\/wp-content\/uploads\/2018\/02\/2018_02_02_73_rocznica_mordu_wiezniow_obozu_Sonnenburg_fot102-150x150.jpg\" class=\"attachment-thumbnail size-thumbnail\" alt=\"\" srcset=\"https:\/\/osp.slonsk.pl\/wp-content\/uploads\/2018\/02\/2018_02_02_73_rocznica_mordu_wiezniow_obozu_Sonnenburg_fot102-150x150.jpg 150w, https:\/\/osp.slonsk.pl\/wp-content\/uploads\/2018\/02\/2018_02_02_73_rocznica_mordu_wiezniow_obozu_Sonnenburg_fot102-300x300.jpg 300w, https:\/\/osp.slonsk.pl\/wp-content\/uploads\/2018\/02\/2018_02_02_73_rocznica_mordu_wiezniow_obozu_Sonnenburg_fot102-400x400.jpg 400w\" sizes=\"auto, (max-width: 150px) 100vw, 150px\" data-attachment-id=\"4168\" data-orig-file=\"https:\/\/osp.slonsk.pl\/wp-content\/uploads\/2018\/02\/2018_02_02_73_rocznica_mordu_wiezniow_obozu_Sonnenburg_fot102.jpg\" data-orig-size=\"800,609\" data-comments-opened=\"0\" data-image-meta=\"{&quot;aperture&quot;:&quot;0&quot;,&quot;credit&quot;:&quot;&quot;,&quot;camera&quot;:&quot;&quot;,&quot;caption&quot;:&quot;&quot;,&quot;created_timestamp&quot;:&quot;0&quot;,&quot;copyright&quot;:&quot;&quot;,&quot;focal_length&quot;:&quot;0&quot;,&quot;iso&quot;:&quot;0&quot;,&quot;shutter_speed&quot;:&quot;0&quot;,&quot;title&quot;:&quot;&quot;,&quot;orientation&quot;:&quot;0&quot;,&quot;keywords&quot;:&quot;Array&quot;}\" data-image-title=\"2018_02_02_73_rocznica_mordu_wiezniow_obozu_Sonnenburg_fot102\" data-image-description=\"\" data-medium-file=\"https:\/\/osp.slonsk.pl\/wp-content\/uploads\/2018\/02\/2018_02_02_73_rocznica_mordu_wiezniow_obozu_Sonnenburg_fot102-300x228.jpg\" data-large-file=\"https:\/\/osp.slonsk.pl\/wp-content\/uploads\/2018\/02\/2018_02_02_73_rocznica_mordu_wiezniow_obozu_Sonnenburg_fot102.jpg\" \/><\/a>\n\t\t\t<\/div><\/figure><figure class='gallery-item'>\n\t\t\t<div class='gallery-icon landscape'>\n\t\t\t\t<a href='https:\/\/osp.slonsk.pl\/wp-content\/uploads\/2018\/02\/2018_02_02_73_rocznica_mordu_wiezniow_obozu_Sonnenburg_fot103.jpg'><img loading=\"lazy\" decoding=\"async\" width=\"150\" height=\"150\" src=\"https:\/\/osp.slonsk.pl\/wp-content\/uploads\/2018\/02\/2018_02_02_73_rocznica_mordu_wiezniow_obozu_Sonnenburg_fot103-150x150.jpg\" class=\"attachment-thumbnail size-thumbnail\" alt=\"\" srcset=\"https:\/\/osp.slonsk.pl\/wp-content\/uploads\/2018\/02\/2018_02_02_73_rocznica_mordu_wiezniow_obozu_Sonnenburg_fot103-150x150.jpg 150w, https:\/\/osp.slonsk.pl\/wp-content\/uploads\/2018\/02\/2018_02_02_73_rocznica_mordu_wiezniow_obozu_Sonnenburg_fot103-300x300.jpg 300w, https:\/\/osp.slonsk.pl\/wp-content\/uploads\/2018\/02\/2018_02_02_73_rocznica_mordu_wiezniow_obozu_Sonnenburg_fot103-400x400.jpg 400w\" sizes=\"auto, (max-width: 150px) 100vw, 150px\" data-attachment-id=\"4169\" data-orig-file=\"https:\/\/osp.slonsk.pl\/wp-content\/uploads\/2018\/02\/2018_02_02_73_rocznica_mordu_wiezniow_obozu_Sonnenburg_fot103.jpg\" data-orig-size=\"800,609\" data-comments-opened=\"0\" data-image-meta=\"{&quot;aperture&quot;:&quot;0&quot;,&quot;credit&quot;:&quot;&quot;,&quot;camera&quot;:&quot;&quot;,&quot;caption&quot;:&quot;&quot;,&quot;created_timestamp&quot;:&quot;0&quot;,&quot;copyright&quot;:&quot;&quot;,&quot;focal_length&quot;:&quot;0&quot;,&quot;iso&quot;:&quot;0&quot;,&quot;shutter_speed&quot;:&quot;0&quot;,&quot;title&quot;:&quot;&quot;,&quot;orientation&quot;:&quot;0&quot;,&quot;keywords&quot;:&quot;Array&quot;}\" data-image-title=\"2018_02_02_73_rocznica_mordu_wiezniow_obozu_Sonnenburg_fot103\" data-image-description=\"\" data-medium-file=\"https:\/\/osp.slonsk.pl\/wp-content\/uploads\/2018\/02\/2018_02_02_73_rocznica_mordu_wiezniow_obozu_Sonnenburg_fot103-300x228.jpg\" data-large-file=\"https:\/\/osp.slonsk.pl\/wp-content\/uploads\/2018\/02\/2018_02_02_73_rocznica_mordu_wiezniow_obozu_Sonnenburg_fot103.jpg\" \/><\/a>\n\t\t\t<\/div><\/figure><figure class='gallery-item'>\n\t\t\t<div class='gallery-icon landscape'>\n\t\t\t\t<a href='https:\/\/osp.slonsk.pl\/wp-content\/uploads\/2018\/02\/2018_02_02_73_rocznica_mordu_wiezniow_obozu_Sonnenburg_fot104.jpg'><img loading=\"lazy\" decoding=\"async\" width=\"150\" height=\"150\" src=\"https:\/\/osp.slonsk.pl\/wp-content\/uploads\/2018\/02\/2018_02_02_73_rocznica_mordu_wiezniow_obozu_Sonnenburg_fot104-150x150.jpg\" class=\"attachment-thumbnail size-thumbnail\" alt=\"\" srcset=\"https:\/\/osp.slonsk.pl\/wp-content\/uploads\/2018\/02\/2018_02_02_73_rocznica_mordu_wiezniow_obozu_Sonnenburg_fot104-150x150.jpg 150w, https:\/\/osp.slonsk.pl\/wp-content\/uploads\/2018\/02\/2018_02_02_73_rocznica_mordu_wiezniow_obozu_Sonnenburg_fot104-300x300.jpg 300w, https:\/\/osp.slonsk.pl\/wp-content\/uploads\/2018\/02\/2018_02_02_73_rocznica_mordu_wiezniow_obozu_Sonnenburg_fot104-400x400.jpg 400w\" sizes=\"auto, (max-width: 150px) 100vw, 150px\" data-attachment-id=\"4170\" data-orig-file=\"https:\/\/osp.slonsk.pl\/wp-content\/uploads\/2018\/02\/2018_02_02_73_rocznica_mordu_wiezniow_obozu_Sonnenburg_fot104.jpg\" data-orig-size=\"800,609\" data-comments-opened=\"0\" data-image-meta=\"{&quot;aperture&quot;:&quot;0&quot;,&quot;credit&quot;:&quot;&quot;,&quot;camera&quot;:&quot;&quot;,&quot;caption&quot;:&quot;&quot;,&quot;created_timestamp&quot;:&quot;0&quot;,&quot;copyright&quot;:&quot;&quot;,&quot;focal_length&quot;:&quot;0&quot;,&quot;iso&quot;:&quot;0&quot;,&quot;shutter_speed&quot;:&quot;0&quot;,&quot;title&quot;:&quot;&quot;,&quot;orientation&quot;:&quot;0&quot;,&quot;keywords&quot;:&quot;Array&quot;}\" data-image-title=\"2018_02_02_73_rocznica_mordu_wiezniow_obozu_Sonnenburg_fot104\" data-image-description=\"\" data-medium-file=\"https:\/\/osp.slonsk.pl\/wp-content\/uploads\/2018\/02\/2018_02_02_73_rocznica_mordu_wiezniow_obozu_Sonnenburg_fot104-300x228.jpg\" data-large-file=\"https:\/\/osp.slonsk.pl\/wp-content\/uploads\/2018\/02\/2018_02_02_73_rocznica_mordu_wiezniow_obozu_Sonnenburg_fot104.jpg\" \/><\/a>\n\t\t\t<\/div><\/figure><figure class='gallery-item'>\n\t\t\t<div class='gallery-icon landscape'>\n\t\t\t\t<a href='https:\/\/osp.slonsk.pl\/wp-content\/uploads\/2018\/02\/2018_02_02_73_rocznica_mordu_wiezniow_obozu_Sonnenburg_fot105.jpg'><img loading=\"lazy\" decoding=\"async\" width=\"150\" height=\"150\" src=\"https:\/\/osp.slonsk.pl\/wp-content\/uploads\/2018\/02\/2018_02_02_73_rocznica_mordu_wiezniow_obozu_Sonnenburg_fot105-150x150.jpg\" class=\"attachment-thumbnail size-thumbnail\" alt=\"\" srcset=\"https:\/\/osp.slonsk.pl\/wp-content\/uploads\/2018\/02\/2018_02_02_73_rocznica_mordu_wiezniow_obozu_Sonnenburg_fot105-150x150.jpg 150w, https:\/\/osp.slonsk.pl\/wp-content\/uploads\/2018\/02\/2018_02_02_73_rocznica_mordu_wiezniow_obozu_Sonnenburg_fot105-300x300.jpg 300w, https:\/\/osp.slonsk.pl\/wp-content\/uploads\/2018\/02\/2018_02_02_73_rocznica_mordu_wiezniow_obozu_Sonnenburg_fot105-400x400.jpg 400w\" sizes=\"auto, (max-width: 150px) 100vw, 150px\" data-attachment-id=\"4171\" data-orig-file=\"https:\/\/osp.slonsk.pl\/wp-content\/uploads\/2018\/02\/2018_02_02_73_rocznica_mordu_wiezniow_obozu_Sonnenburg_fot105.jpg\" data-orig-size=\"800,609\" data-comments-opened=\"0\" data-image-meta=\"{&quot;aperture&quot;:&quot;0&quot;,&quot;credit&quot;:&quot;&quot;,&quot;camera&quot;:&quot;&quot;,&quot;caption&quot;:&quot;&quot;,&quot;created_timestamp&quot;:&quot;0&quot;,&quot;copyright&quot;:&quot;&quot;,&quot;focal_length&quot;:&quot;0&quot;,&quot;iso&quot;:&quot;0&quot;,&quot;shutter_speed&quot;:&quot;0&quot;,&quot;title&quot;:&quot;&quot;,&quot;orientation&quot;:&quot;0&quot;,&quot;keywords&quot;:&quot;Array&quot;}\" data-image-title=\"2018_02_02_73_rocznica_mordu_wiezniow_obozu_Sonnenburg_fot105\" data-image-description=\"\" data-medium-file=\"https:\/\/osp.slonsk.pl\/wp-content\/uploads\/2018\/02\/2018_02_02_73_rocznica_mordu_wiezniow_obozu_Sonnenburg_fot105-300x228.jpg\" data-large-file=\"https:\/\/osp.slonsk.pl\/wp-content\/uploads\/2018\/02\/2018_02_02_73_rocznica_mordu_wiezniow_obozu_Sonnenburg_fot105.jpg\" \/><\/a>\n\t\t\t<\/div><\/figure><figure class='gallery-item'>\n\t\t\t<div class='gallery-icon landscape'>\n\t\t\t\t<a href='https:\/\/osp.slonsk.pl\/wp-content\/uploads\/2018\/02\/2018_02_02_73_rocznica_mordu_wiezniow_obozu_Sonnenburg_fot106.jpg'><img loading=\"lazy\" decoding=\"async\" width=\"150\" height=\"150\" src=\"https:\/\/osp.slonsk.pl\/wp-content\/uploads\/2018\/02\/2018_02_02_73_rocznica_mordu_wiezniow_obozu_Sonnenburg_fot106-150x150.jpg\" class=\"attachment-thumbnail size-thumbnail\" alt=\"\" srcset=\"https:\/\/osp.slonsk.pl\/wp-content\/uploads\/2018\/02\/2018_02_02_73_rocznica_mordu_wiezniow_obozu_Sonnenburg_fot106-150x150.jpg 150w, https:\/\/osp.slonsk.pl\/wp-content\/uploads\/2018\/02\/2018_02_02_73_rocznica_mordu_wiezniow_obozu_Sonnenburg_fot106-300x300.jpg 300w, https:\/\/osp.slonsk.pl\/wp-content\/uploads\/2018\/02\/2018_02_02_73_rocznica_mordu_wiezniow_obozu_Sonnenburg_fot106-400x400.jpg 400w\" sizes=\"auto, (max-width: 150px) 100vw, 150px\" data-attachment-id=\"4172\" data-orig-file=\"https:\/\/osp.slonsk.pl\/wp-content\/uploads\/2018\/02\/2018_02_02_73_rocznica_mordu_wiezniow_obozu_Sonnenburg_fot106.jpg\" data-orig-size=\"800,609\" data-comments-opened=\"0\" data-image-meta=\"{&quot;aperture&quot;:&quot;0&quot;,&quot;credit&quot;:&quot;&quot;,&quot;camera&quot;:&quot;&quot;,&quot;caption&quot;:&quot;&quot;,&quot;created_timestamp&quot;:&quot;0&quot;,&quot;copyright&quot;:&quot;&quot;,&quot;focal_length&quot;:&quot;0&quot;,&quot;iso&quot;:&quot;0&quot;,&quot;shutter_speed&quot;:&quot;0&quot;,&quot;title&quot;:&quot;&quot;,&quot;orientation&quot;:&quot;0&quot;,&quot;keywords&quot;:&quot;Array&quot;}\" data-image-title=\"2018_02_02_73_rocznica_mordu_wiezniow_obozu_Sonnenburg_fot106\" data-image-description=\"\" data-medium-file=\"https:\/\/osp.slonsk.pl\/wp-content\/uploads\/2018\/02\/2018_02_02_73_rocznica_mordu_wiezniow_obozu_Sonnenburg_fot106-300x228.jpg\" data-large-file=\"https:\/\/osp.slonsk.pl\/wp-content\/uploads\/2018\/02\/2018_02_02_73_rocznica_mordu_wiezniow_obozu_Sonnenburg_fot106.jpg\" \/><\/a>\n\t\t\t<\/div><\/figure><figure class='gallery-item'>\n\t\t\t<div class='gallery-icon landscape'>\n\t\t\t\t<a href='https:\/\/osp.slonsk.pl\/wp-content\/uploads\/2018\/02\/2018_02_02_73_rocznica_mordu_wiezniow_obozu_Sonnenburg_fot107.jpg'><img loading=\"lazy\" decoding=\"async\" width=\"150\" height=\"150\" src=\"https:\/\/osp.slonsk.pl\/wp-content\/uploads\/2018\/02\/2018_02_02_73_rocznica_mordu_wiezniow_obozu_Sonnenburg_fot107-150x150.jpg\" class=\"attachment-thumbnail size-thumbnail\" alt=\"\" srcset=\"https:\/\/osp.slonsk.pl\/wp-content\/uploads\/2018\/02\/2018_02_02_73_rocznica_mordu_wiezniow_obozu_Sonnenburg_fot107-150x150.jpg 150w, https:\/\/osp.slonsk.pl\/wp-content\/uploads\/2018\/02\/2018_02_02_73_rocznica_mordu_wiezniow_obozu_Sonnenburg_fot107-300x300.jpg 300w, https:\/\/osp.slonsk.pl\/wp-content\/uploads\/2018\/02\/2018_02_02_73_rocznica_mordu_wiezniow_obozu_Sonnenburg_fot107-400x400.jpg 400w\" sizes=\"auto, (max-width: 150px) 100vw, 150px\" data-attachment-id=\"4173\" data-orig-file=\"https:\/\/osp.slonsk.pl\/wp-content\/uploads\/2018\/02\/2018_02_02_73_rocznica_mordu_wiezniow_obozu_Sonnenburg_fot107.jpg\" data-orig-size=\"800,609\" data-comments-opened=\"0\" data-image-meta=\"{&quot;aperture&quot;:&quot;0&quot;,&quot;credit&quot;:&quot;&quot;,&quot;camera&quot;:&quot;&quot;,&quot;caption&quot;:&quot;&quot;,&quot;created_timestamp&quot;:&quot;0&quot;,&quot;copyright&quot;:&quot;&quot;,&quot;focal_length&quot;:&quot;0&quot;,&quot;iso&quot;:&quot;0&quot;,&quot;shutter_speed&quot;:&quot;0&quot;,&quot;title&quot;:&quot;&quot;,&quot;orientation&quot;:&quot;0&quot;,&quot;keywords&quot;:&quot;Array&quot;}\" data-image-title=\"2018_02_02_73_rocznica_mordu_wiezniow_obozu_Sonnenburg_fot107\" data-image-description=\"\" data-medium-file=\"https:\/\/osp.slonsk.pl\/wp-content\/uploads\/2018\/02\/2018_02_02_73_rocznica_mordu_wiezniow_obozu_Sonnenburg_fot107-300x228.jpg\" data-large-file=\"https:\/\/osp.slonsk.pl\/wp-content\/uploads\/2018\/02\/2018_02_02_73_rocznica_mordu_wiezniow_obozu_Sonnenburg_fot107.jpg\" \/><\/a>\n\t\t\t<\/div><\/figure><figure class='gallery-item'>\n\t\t\t<div class='gallery-icon landscape'>\n\t\t\t\t<a href='https:\/\/osp.slonsk.pl\/wp-content\/uploads\/2018\/02\/2018_02_02_73_rocznica_mordu_wiezniow_obozu_Sonnenburg_fot108.jpg'><img loading=\"lazy\" decoding=\"async\" width=\"150\" height=\"150\" src=\"https:\/\/osp.slonsk.pl\/wp-content\/uploads\/2018\/02\/2018_02_02_73_rocznica_mordu_wiezniow_obozu_Sonnenburg_fot108-150x150.jpg\" class=\"attachment-thumbnail size-thumbnail\" alt=\"\" srcset=\"https:\/\/osp.slonsk.pl\/wp-content\/uploads\/2018\/02\/2018_02_02_73_rocznica_mordu_wiezniow_obozu_Sonnenburg_fot108-150x150.jpg 150w, https:\/\/osp.slonsk.pl\/wp-content\/uploads\/2018\/02\/2018_02_02_73_rocznica_mordu_wiezniow_obozu_Sonnenburg_fot108-300x300.jpg 300w, https:\/\/osp.slonsk.pl\/wp-content\/uploads\/2018\/02\/2018_02_02_73_rocznica_mordu_wiezniow_obozu_Sonnenburg_fot108-400x400.jpg 400w\" sizes=\"auto, (max-width: 150px) 100vw, 150px\" data-attachment-id=\"4174\" data-orig-file=\"https:\/\/osp.slonsk.pl\/wp-content\/uploads\/2018\/02\/2018_02_02_73_rocznica_mordu_wiezniow_obozu_Sonnenburg_fot108.jpg\" data-orig-size=\"800,609\" data-comments-opened=\"0\" data-image-meta=\"{&quot;aperture&quot;:&quot;0&quot;,&quot;credit&quot;:&quot;&quot;,&quot;camera&quot;:&quot;&quot;,&quot;caption&quot;:&quot;&quot;,&quot;created_timestamp&quot;:&quot;0&quot;,&quot;copyright&quot;:&quot;&quot;,&quot;focal_length&quot;:&quot;0&quot;,&quot;iso&quot;:&quot;0&quot;,&quot;shutter_speed&quot;:&quot;0&quot;,&quot;title&quot;:&quot;&quot;,&quot;orientation&quot;:&quot;0&quot;,&quot;keywords&quot;:&quot;Array&quot;}\" data-image-title=\"2018_02_02_73_rocznica_mordu_wiezniow_obozu_Sonnenburg_fot108\" data-image-description=\"\" data-medium-file=\"https:\/\/osp.slonsk.pl\/wp-content\/uploads\/2018\/02\/2018_02_02_73_rocznica_mordu_wiezniow_obozu_Sonnenburg_fot108-300x228.jpg\" data-large-file=\"https:\/\/osp.slonsk.pl\/wp-content\/uploads\/2018\/02\/2018_02_02_73_rocznica_mordu_wiezniow_obozu_Sonnenburg_fot108.jpg\" \/><\/a>\n\t\t\t<\/div><\/figure><figure class='gallery-item'>\n\t\t\t<div class='gallery-icon landscape'>\n\t\t\t\t<a href='https:\/\/osp.slonsk.pl\/wp-content\/uploads\/2018\/02\/2018_02_02_73_rocznica_mordu_wiezniow_obozu_Sonnenburg_fot109.jpg'><img loading=\"lazy\" decoding=\"async\" width=\"150\" height=\"150\" src=\"https:\/\/osp.slonsk.pl\/wp-content\/uploads\/2018\/02\/2018_02_02_73_rocznica_mordu_wiezniow_obozu_Sonnenburg_fot109-150x150.jpg\" class=\"attachment-thumbnail size-thumbnail\" alt=\"\" srcset=\"https:\/\/osp.slonsk.pl\/wp-content\/uploads\/2018\/02\/2018_02_02_73_rocznica_mordu_wiezniow_obozu_Sonnenburg_fot109-150x150.jpg 150w, https:\/\/osp.slonsk.pl\/wp-content\/uploads\/2018\/02\/2018_02_02_73_rocznica_mordu_wiezniow_obozu_Sonnenburg_fot109-300x300.jpg 300w, https:\/\/osp.slonsk.pl\/wp-content\/uploads\/2018\/02\/2018_02_02_73_rocznica_mordu_wiezniow_obozu_Sonnenburg_fot109-400x400.jpg 400w\" sizes=\"auto, (max-width: 150px) 100vw, 150px\" data-attachment-id=\"4175\" data-orig-file=\"https:\/\/osp.slonsk.pl\/wp-content\/uploads\/2018\/02\/2018_02_02_73_rocznica_mordu_wiezniow_obozu_Sonnenburg_fot109.jpg\" data-orig-size=\"800,609\" data-comments-opened=\"0\" data-image-meta=\"{&quot;aperture&quot;:&quot;0&quot;,&quot;credit&quot;:&quot;&quot;,&quot;camera&quot;:&quot;&quot;,&quot;caption&quot;:&quot;&quot;,&quot;created_timestamp&quot;:&quot;0&quot;,&quot;copyright&quot;:&quot;&quot;,&quot;focal_length&quot;:&quot;0&quot;,&quot;iso&quot;:&quot;0&quot;,&quot;shutter_speed&quot;:&quot;0&quot;,&quot;title&quot;:&quot;&quot;,&quot;orientation&quot;:&quot;0&quot;,&quot;keywords&quot;:&quot;Array&quot;}\" data-image-title=\"2018_02_02_73_rocznica_mordu_wiezniow_obozu_Sonnenburg_fot109\" data-image-description=\"\" data-medium-file=\"https:\/\/osp.slonsk.pl\/wp-content\/uploads\/2018\/02\/2018_02_02_73_rocznica_mordu_wiezniow_obozu_Sonnenburg_fot109-300x228.jpg\" data-large-file=\"https:\/\/osp.slonsk.pl\/wp-content\/uploads\/2018\/02\/2018_02_02_73_rocznica_mordu_wiezniow_obozu_Sonnenburg_fot109.jpg\" \/><\/a>\n\t\t\t<\/div><\/figure><figure class='gallery-item'>\n\t\t\t<div class='gallery-icon landscape'>\n\t\t\t\t<a href='https:\/\/osp.slonsk.pl\/wp-content\/uploads\/2018\/02\/2018_02_02_73_rocznica_mordu_wiezniow_obozu_Sonnenburg_fot110.jpg'><img loading=\"lazy\" decoding=\"async\" width=\"150\" height=\"150\" src=\"https:\/\/osp.slonsk.pl\/wp-content\/uploads\/2018\/02\/2018_02_02_73_rocznica_mordu_wiezniow_obozu_Sonnenburg_fot110-150x150.jpg\" class=\"attachment-thumbnail size-thumbnail\" alt=\"\" srcset=\"https:\/\/osp.slonsk.pl\/wp-content\/uploads\/2018\/02\/2018_02_02_73_rocznica_mordu_wiezniow_obozu_Sonnenburg_fot110-150x150.jpg 150w, https:\/\/osp.slonsk.pl\/wp-content\/uploads\/2018\/02\/2018_02_02_73_rocznica_mordu_wiezniow_obozu_Sonnenburg_fot110-300x300.jpg 300w, https:\/\/osp.slonsk.pl\/wp-content\/uploads\/2018\/02\/2018_02_02_73_rocznica_mordu_wiezniow_obozu_Sonnenburg_fot110-400x400.jpg 400w\" sizes=\"auto, (max-width: 150px) 100vw, 150px\" data-attachment-id=\"4176\" data-orig-file=\"https:\/\/osp.slonsk.pl\/wp-content\/uploads\/2018\/02\/2018_02_02_73_rocznica_mordu_wiezniow_obozu_Sonnenburg_fot110.jpg\" data-orig-size=\"800,609\" data-comments-opened=\"0\" data-image-meta=\"{&quot;aperture&quot;:&quot;0&quot;,&quot;credit&quot;:&quot;&quot;,&quot;camera&quot;:&quot;&quot;,&quot;caption&quot;:&quot;&quot;,&quot;created_timestamp&quot;:&quot;0&quot;,&quot;copyright&quot;:&quot;&quot;,&quot;focal_length&quot;:&quot;0&quot;,&quot;iso&quot;:&quot;0&quot;,&quot;shutter_speed&quot;:&quot;0&quot;,&quot;title&quot;:&quot;&quot;,&quot;orientation&quot;:&quot;0&quot;,&quot;keywords&quot;:&quot;Array&quot;}\" data-image-title=\"2018_02_02_73_rocznica_mordu_wiezniow_obozu_Sonnenburg_fot110\" data-image-description=\"\" data-medium-file=\"https:\/\/osp.slonsk.pl\/wp-content\/uploads\/2018\/02\/2018_02_02_73_rocznica_mordu_wiezniow_obozu_Sonnenburg_fot110-300x228.jpg\" data-large-file=\"https:\/\/osp.slonsk.pl\/wp-content\/uploads\/2018\/02\/2018_02_02_73_rocznica_mordu_wiezniow_obozu_Sonnenburg_fot110.jpg\" \/><\/a>\n\t\t\t<\/div><\/figure><figure class='gallery-item'>\n\t\t\t<div class='gallery-icon landscape'>\n\t\t\t\t<a href='https:\/\/osp.slonsk.pl\/wp-content\/uploads\/2018\/02\/2018_02_02_73_rocznica_mordu_wiezniow_obozu_Sonnenburg_fot111.jpg'><img loading=\"lazy\" decoding=\"async\" width=\"150\" height=\"150\" src=\"https:\/\/osp.slonsk.pl\/wp-content\/uploads\/2018\/02\/2018_02_02_73_rocznica_mordu_wiezniow_obozu_Sonnenburg_fot111-150x150.jpg\" class=\"attachment-thumbnail size-thumbnail\" alt=\"\" srcset=\"https:\/\/osp.slonsk.pl\/wp-content\/uploads\/2018\/02\/2018_02_02_73_rocznica_mordu_wiezniow_obozu_Sonnenburg_fot111-150x150.jpg 150w, https:\/\/osp.slonsk.pl\/wp-content\/uploads\/2018\/02\/2018_02_02_73_rocznica_mordu_wiezniow_obozu_Sonnenburg_fot111-300x300.jpg 300w, https:\/\/osp.slonsk.pl\/wp-content\/uploads\/2018\/02\/2018_02_02_73_rocznica_mordu_wiezniow_obozu_Sonnenburg_fot111-400x400.jpg 400w\" sizes=\"auto, (max-width: 150px) 100vw, 150px\" data-attachment-id=\"4177\" data-orig-file=\"https:\/\/osp.slonsk.pl\/wp-content\/uploads\/2018\/02\/2018_02_02_73_rocznica_mordu_wiezniow_obozu_Sonnenburg_fot111.jpg\" data-orig-size=\"800,609\" data-comments-opened=\"0\" data-image-meta=\"{&quot;aperture&quot;:&quot;0&quot;,&quot;credit&quot;:&quot;&quot;,&quot;camera&quot;:&quot;&quot;,&quot;caption&quot;:&quot;&quot;,&quot;created_timestamp&quot;:&quot;0&quot;,&quot;copyright&quot;:&quot;&quot;,&quot;focal_length&quot;:&quot;0&quot;,&quot;iso&quot;:&quot;0&quot;,&quot;shutter_speed&quot;:&quot;0&quot;,&quot;title&quot;:&quot;&quot;,&quot;orientation&quot;:&quot;0&quot;,&quot;keywords&quot;:&quot;Array&quot;}\" data-image-title=\"2018_02_02_73_rocznica_mordu_wiezniow_obozu_Sonnenburg_fot111\" data-image-description=\"\" data-medium-file=\"https:\/\/osp.slonsk.pl\/wp-content\/uploads\/2018\/02\/2018_02_02_73_rocznica_mordu_wiezniow_obozu_Sonnenburg_fot111-300x228.jpg\" data-large-file=\"https:\/\/osp.slonsk.pl\/wp-content\/uploads\/2018\/02\/2018_02_02_73_rocznica_mordu_wiezniow_obozu_Sonnenburg_fot111.jpg\" \/><\/a>\n\t\t\t<\/div><\/figure><figure class='gallery-item'>\n\t\t\t<div class='gallery-icon landscape'>\n\t\t\t\t<a href='https:\/\/osp.slonsk.pl\/wp-content\/uploads\/2018\/02\/2018_02_02_73_rocznica_mordu_wiezniow_obozu_Sonnenburg_fot112.jpg'><img loading=\"lazy\" decoding=\"async\" width=\"150\" height=\"150\" src=\"https:\/\/osp.slonsk.pl\/wp-content\/uploads\/2018\/02\/2018_02_02_73_rocznica_mordu_wiezniow_obozu_Sonnenburg_fot112-150x150.jpg\" class=\"attachment-thumbnail size-thumbnail\" alt=\"\" srcset=\"https:\/\/osp.slonsk.pl\/wp-content\/uploads\/2018\/02\/2018_02_02_73_rocznica_mordu_wiezniow_obozu_Sonnenburg_fot112-150x150.jpg 150w, https:\/\/osp.slonsk.pl\/wp-content\/uploads\/2018\/02\/2018_02_02_73_rocznica_mordu_wiezniow_obozu_Sonnenburg_fot112-300x300.jpg 300w, https:\/\/osp.slonsk.pl\/wp-content\/uploads\/2018\/02\/2018_02_02_73_rocznica_mordu_wiezniow_obozu_Sonnenburg_fot112-400x400.jpg 400w\" sizes=\"auto, (max-width: 150px) 100vw, 150px\" data-attachment-id=\"4178\" data-orig-file=\"https:\/\/osp.slonsk.pl\/wp-content\/uploads\/2018\/02\/2018_02_02_73_rocznica_mordu_wiezniow_obozu_Sonnenburg_fot112.jpg\" data-orig-size=\"800,609\" data-comments-opened=\"0\" data-image-meta=\"{&quot;aperture&quot;:&quot;0&quot;,&quot;credit&quot;:&quot;&quot;,&quot;camera&quot;:&quot;&quot;,&quot;caption&quot;:&quot;&quot;,&quot;created_timestamp&quot;:&quot;0&quot;,&quot;copyright&quot;:&quot;&quot;,&quot;focal_length&quot;:&quot;0&quot;,&quot;iso&quot;:&quot;0&quot;,&quot;shutter_speed&quot;:&quot;0&quot;,&quot;title&quot;:&quot;&quot;,&quot;orientation&quot;:&quot;0&quot;,&quot;keywords&quot;:&quot;Array&quot;}\" data-image-title=\"2018_02_02_73_rocznica_mordu_wiezniow_obozu_Sonnenburg_fot112\" data-image-description=\"\" data-medium-file=\"https:\/\/osp.slonsk.pl\/wp-content\/uploads\/2018\/02\/2018_02_02_73_rocznica_mordu_wiezniow_obozu_Sonnenburg_fot112-300x228.jpg\" data-large-file=\"https:\/\/osp.slonsk.pl\/wp-content\/uploads\/2018\/02\/2018_02_02_73_rocznica_mordu_wiezniow_obozu_Sonnenburg_fot112.jpg\" \/><\/a>\n\t\t\t<\/div><\/figure><figure class='gallery-item'>\n\t\t\t<div class='gallery-icon landscape'>\n\t\t\t\t<a href='https:\/\/osp.slonsk.pl\/wp-content\/uploads\/2018\/02\/2018_02_02_73_rocznica_mordu_wiezniow_obozu_Sonnenburg_fot113.jpg'><img loading=\"lazy\" decoding=\"async\" width=\"150\" height=\"150\" src=\"https:\/\/osp.slonsk.pl\/wp-content\/uploads\/2018\/02\/2018_02_02_73_rocznica_mordu_wiezniow_obozu_Sonnenburg_fot113-150x150.jpg\" class=\"attachment-thumbnail size-thumbnail\" alt=\"\" srcset=\"https:\/\/osp.slonsk.pl\/wp-content\/uploads\/2018\/02\/2018_02_02_73_rocznica_mordu_wiezniow_obozu_Sonnenburg_fot113-150x150.jpg 150w, https:\/\/osp.slonsk.pl\/wp-content\/uploads\/2018\/02\/2018_02_02_73_rocznica_mordu_wiezniow_obozu_Sonnenburg_fot113-300x300.jpg 300w, https:\/\/osp.slonsk.pl\/wp-content\/uploads\/2018\/02\/2018_02_02_73_rocznica_mordu_wiezniow_obozu_Sonnenburg_fot113-400x400.jpg 400w\" sizes=\"auto, (max-width: 150px) 100vw, 150px\" data-attachment-id=\"4179\" data-orig-file=\"https:\/\/osp.slonsk.pl\/wp-content\/uploads\/2018\/02\/2018_02_02_73_rocznica_mordu_wiezniow_obozu_Sonnenburg_fot113.jpg\" data-orig-size=\"800,609\" data-comments-opened=\"0\" data-image-meta=\"{&quot;aperture&quot;:&quot;0&quot;,&quot;credit&quot;:&quot;&quot;,&quot;camera&quot;:&quot;&quot;,&quot;caption&quot;:&quot;&quot;,&quot;created_timestamp&quot;:&quot;0&quot;,&quot;copyright&quot;:&quot;&quot;,&quot;focal_length&quot;:&quot;0&quot;,&quot;iso&quot;:&quot;0&quot;,&quot;shutter_speed&quot;:&quot;0&quot;,&quot;title&quot;:&quot;&quot;,&quot;orientation&quot;:&quot;0&quot;,&quot;keywords&quot;:&quot;Array&quot;}\" data-image-title=\"2018_02_02_73_rocznica_mordu_wiezniow_obozu_Sonnenburg_fot113\" data-image-description=\"\" data-medium-file=\"https:\/\/osp.slonsk.pl\/wp-content\/uploads\/2018\/02\/2018_02_02_73_rocznica_mordu_wiezniow_obozu_Sonnenburg_fot113-300x228.jpg\" data-large-file=\"https:\/\/osp.slonsk.pl\/wp-content\/uploads\/2018\/02\/2018_02_02_73_rocznica_mordu_wiezniow_obozu_Sonnenburg_fot113.jpg\" \/><\/a>\n\t\t\t<\/div><\/figure><figure class='gallery-item'>\n\t\t\t<div class='gallery-icon landscape'>\n\t\t\t\t<a href='https:\/\/osp.slonsk.pl\/wp-content\/uploads\/2018\/02\/2018_02_02_73_rocznica_mordu_wiezniow_obozu_Sonnenburg_fot114.jpg'><img loading=\"lazy\" decoding=\"async\" width=\"150\" height=\"150\" src=\"https:\/\/osp.slonsk.pl\/wp-content\/uploads\/2018\/02\/2018_02_02_73_rocznica_mordu_wiezniow_obozu_Sonnenburg_fot114-150x150.jpg\" class=\"attachment-thumbnail size-thumbnail\" alt=\"\" srcset=\"https:\/\/osp.slonsk.pl\/wp-content\/uploads\/2018\/02\/2018_02_02_73_rocznica_mordu_wiezniow_obozu_Sonnenburg_fot114-150x150.jpg 150w, https:\/\/osp.slonsk.pl\/wp-content\/uploads\/2018\/02\/2018_02_02_73_rocznica_mordu_wiezniow_obozu_Sonnenburg_fot114-300x300.jpg 300w, https:\/\/osp.slonsk.pl\/wp-content\/uploads\/2018\/02\/2018_02_02_73_rocznica_mordu_wiezniow_obozu_Sonnenburg_fot114-400x400.jpg 400w\" sizes=\"auto, (max-width: 150px) 100vw, 150px\" data-attachment-id=\"4180\" data-orig-file=\"https:\/\/osp.slonsk.pl\/wp-content\/uploads\/2018\/02\/2018_02_02_73_rocznica_mordu_wiezniow_obozu_Sonnenburg_fot114.jpg\" data-orig-size=\"800,609\" data-comments-opened=\"0\" data-image-meta=\"{&quot;aperture&quot;:&quot;0&quot;,&quot;credit&quot;:&quot;&quot;,&quot;camera&quot;:&quot;&quot;,&quot;caption&quot;:&quot;&quot;,&quot;created_timestamp&quot;:&quot;0&quot;,&quot;copyright&quot;:&quot;&quot;,&quot;focal_length&quot;:&quot;0&quot;,&quot;iso&quot;:&quot;0&quot;,&quot;shutter_speed&quot;:&quot;0&quot;,&quot;title&quot;:&quot;&quot;,&quot;orientation&quot;:&quot;0&quot;,&quot;keywords&quot;:&quot;Array&quot;}\" data-image-title=\"2018_02_02_73_rocznica_mordu_wiezniow_obozu_Sonnenburg_fot114\" data-image-description=\"\" data-medium-file=\"https:\/\/osp.slonsk.pl\/wp-content\/uploads\/2018\/02\/2018_02_02_73_rocznica_mordu_wiezniow_obozu_Sonnenburg_fot114-300x228.jpg\" data-large-file=\"https:\/\/osp.slonsk.pl\/wp-content\/uploads\/2018\/02\/2018_02_02_73_rocznica_mordu_wiezniow_obozu_Sonnenburg_fot114.jpg\" \/><\/a>\n\t\t\t<\/div><\/figure><figure class='gallery-item'>\n\t\t\t<div class='gallery-icon landscape'>\n\t\t\t\t<a href='https:\/\/osp.slonsk.pl\/wp-content\/uploads\/2018\/02\/2018_02_02_73_rocznica_mordu_wiezniow_obozu_Sonnenburg_fot115.jpg'><img loading=\"lazy\" decoding=\"async\" width=\"150\" height=\"150\" src=\"https:\/\/osp.slonsk.pl\/wp-content\/uploads\/2018\/02\/2018_02_02_73_rocznica_mordu_wiezniow_obozu_Sonnenburg_fot115-150x150.jpg\" class=\"attachment-thumbnail size-thumbnail\" alt=\"\" srcset=\"https:\/\/osp.slonsk.pl\/wp-content\/uploads\/2018\/02\/2018_02_02_73_rocznica_mordu_wiezniow_obozu_Sonnenburg_fot115-150x150.jpg 150w, https:\/\/osp.slonsk.pl\/wp-content\/uploads\/2018\/02\/2018_02_02_73_rocznica_mordu_wiezniow_obozu_Sonnenburg_fot115-300x300.jpg 300w, https:\/\/osp.slonsk.pl\/wp-content\/uploads\/2018\/02\/2018_02_02_73_rocznica_mordu_wiezniow_obozu_Sonnenburg_fot115-400x400.jpg 400w\" sizes=\"auto, (max-width: 150px) 100vw, 150px\" data-attachment-id=\"4181\" data-orig-file=\"https:\/\/osp.slonsk.pl\/wp-content\/uploads\/2018\/02\/2018_02_02_73_rocznica_mordu_wiezniow_obozu_Sonnenburg_fot115.jpg\" data-orig-size=\"800,609\" data-comments-opened=\"0\" data-image-meta=\"{&quot;aperture&quot;:&quot;0&quot;,&quot;credit&quot;:&quot;&quot;,&quot;camera&quot;:&quot;&quot;,&quot;caption&quot;:&quot;&quot;,&quot;created_timestamp&quot;:&quot;0&quot;,&quot;copyright&quot;:&quot;&quot;,&quot;focal_length&quot;:&quot;0&quot;,&quot;iso&quot;:&quot;0&quot;,&quot;shutter_speed&quot;:&quot;0&quot;,&quot;title&quot;:&quot;&quot;,&quot;orientation&quot;:&quot;0&quot;,&quot;keywords&quot;:&quot;Array&quot;}\" data-image-title=\"2018_02_02_73_rocznica_mordu_wiezniow_obozu_Sonnenburg_fot115\" data-image-description=\"\" data-medium-file=\"https:\/\/osp.slonsk.pl\/wp-content\/uploads\/2018\/02\/2018_02_02_73_rocznica_mordu_wiezniow_obozu_Sonnenburg_fot115-300x228.jpg\" data-large-file=\"https:\/\/osp.slonsk.pl\/wp-content\/uploads\/2018\/02\/2018_02_02_73_rocznica_mordu_wiezniow_obozu_Sonnenburg_fot115.jpg\" \/><\/a>\n\t\t\t<\/div><\/figure>\n\t\t<\/div>\n\n","protected":false},"excerpt":{"rendered":"<p>W dniu 2 lutego br. odby\u0142y si\u0119 w S\u0142o\u0144sku uroczysto\u015bci 73 rocznicy wyzwolenia S\u0142o\u0144ska i mordu 819 wi\u0119\u017ani\u00f3w Obozu Sonnenburg.<\/p>\n","protected":false},"author":1,"featured_media":4176,"comment_status":"closed","ping_status":"closed","sticky":false,"template":"","format":"standard","meta":{"footnotes":""},"categories":[10],"tags":[],"class_list":["post-4165","post","type-post","status-publish","format-standard","has-post-thumbnail","hentry","category-aktualnosci"],"_links":{"self":[{"href":"https:\/\/osp.slonsk.pl\/index.php?rest_route=\/wp\/v2\/posts\/4165","targetHints":{"allow":["GET"]}}],"collection":[{"href":"https:\/\/osp.slonsk.pl\/index.php?rest_route=\/wp\/v2\/posts"}],"about":[{"href":"https:\/\/osp.slonsk.pl\/index.php?rest_route=\/wp\/v2\/types\/post"}],"author":[{"embeddable":true,"href":"https:\/\/osp.slonsk.pl\/index.php?rest_route=\/wp\/v2\/users\/1"}],"replies":[{"embeddable":true,"href":"https:\/\/osp.slonsk.pl\/index.php?rest_route=%2Fwp%2Fv2%2Fcomments&post=4165"}],"version-history":[{"count":1,"href":"https:\/\/osp.slonsk.pl\/index.php?rest_route=\/wp\/v2\/posts\/4165\/revisions"}],"predecessor-version":[{"id":4182,"href":"https:\/\/osp.slonsk.pl\/index.php?rest_route=\/wp\/v2\/posts\/4165\/revisions\/4182"}],"wp:featuredmedia":[{"embeddable":true,"href":"https:\/\/osp.slonsk.pl\/index.php?rest_route=\/wp\/v2\/media\/4176"}],"wp:attachment":[{"href":"https:\/\/osp.slonsk.pl\/index.php?rest_route=%2Fwp%2Fv2%2Fmedia&parent=4165"}],"wp:term":[{"taxonomy":"category","embeddable":true,"href":"https:\/\/osp.slonsk.pl\/index.php?rest_route=%2Fwp%2Fv2%2Fcategories&post=4165"},{"taxonomy":"post_tag","embeddable":true,"href":"https:\/\/osp.slonsk.pl\/index.php?rest_route=%2Fwp%2Fv2%2Ftags&post=4165"}],"curies":[{"name":"wp","href":"https:\/\/api.w.org\/{rel}","templated":true}]}}