{"id":2761,"date":"2015-05-11T21:42:30","date_gmt":"2015-05-11T19:42:30","guid":{"rendered":"http:\/\/osp.slonsk.pl\/?p=2761"},"modified":"2015-05-11T21:46:43","modified_gmt":"2015-05-11T19:46:43","slug":"dziekujemy-za-wasza-pomoc","status":"publish","type":"post","link":"https:\/\/osp.slonsk.pl\/?p=2761","title":{"rendered":"Dzi\u0119kujemy za wasz\u0105 pomoc"},"content":{"rendered":"<p style=\"text-align: justify;\">\u00a0 \u00a0<a href=\"http:\/\/osp.slonsk.pl\/?p=2761\"><img loading=\"lazy\" decoding=\"async\" class=\"aligncenter wp-image-2762\" src=\"http:\/\/osp.slonsk.pl\/wp-content\/uploads\/2015\/05\/DZIEKUJEMY-2015.jpg\" alt=\"DZIEKUJEMY-2015\" width=\"500\" height=\"192\" srcset=\"https:\/\/osp.slonsk.pl\/wp-content\/uploads\/2015\/05\/DZIEKUJEMY-2015.jpg 580w, https:\/\/osp.slonsk.pl\/wp-content\/uploads\/2015\/05\/DZIEKUJEMY-2015-300x115.jpg 300w\" sizes=\"auto, (max-width: 500px) 100vw, 500px\" \/><\/a><\/p>\n<p style=\"text-align: justify;\">\u00a0W dniu 3 maja br. po Mszach \u015awi\u0119tych w Ko\u015bciele Parafialnym w S\u0142o\u0144sku odby\u0142a si\u0119 zbi\u00f3rka pieni\u0119dzy na rzecz chorego Daniela Wo\u0142od\u017ako syna stra\u017caka Ochotniczej Stra\u017cy Po\u017carnej w S\u0142o\u0144sku.<\/p>\n<p style=\"text-align: justify;\"><!--more--><\/p>\n<p style=\"text-align: justify;\">\u00a0 \u00a0 \u00a0<strong>Serdecznie dzi\u0119kujemy wszystkim darczy\u0144com,<\/strong> kt\u00f3rzy wsparli finansowo nasz\u0105 akcj\u0119. Zebrali\u015bmy kwot\u0119 2883,73 z\u0142. Dzi\u0119ki waszej ofiarno\u015bci mo\u017cliwe b\u0119dzie sfinansowanie tak bardzo potrzebnej operacji i rehabilitacji chorego Daniela.<\/p>\n<p style=\"text-align: justify;\">\u00a0 \u00a0 \u00a0<strong>Chcemy r\u00f3wnie\u017c bardzo podzi\u0119kowa\u0107<\/strong> Ksi\u0119dzu Proboszczowi J\u00f3zefowi Drozd za wyra\u017cenie zgody i pomoc w zbi\u00f3rce pieni\u0119dzy.<\/p>\n<p style=\"text-align: left;\"><strong>\u00a0 \u00a0 \u00a0Dzi\u0119kujemy Wam Wszystkim<\/strong><\/p>\n<p style=\"text-align: right;\"><strong>druhowie OSP S\u0142o\u0144sk<\/strong><\/p>\n","protected":false},"excerpt":{"rendered":"<p>\u00a0 \u00a0 \u00a0W dniu 3 maja br. po Mszach \u015awi\u0119tych w Ko\u015bciele Parafialnym w S\u0142o\u0144sku odby\u0142a si\u0119 zbi\u00f3rka pieni\u0119dzy na rzecz chorego Daniela Wo\u0142od\u017ako syna stra\u017caka Ochotniczej Stra\u017cy Po\u017carnej w S\u0142o\u0144sku.<\/p>\n","protected":false},"author":1,"featured_media":0,"comment_status":"closed","ping_status":"open","sticky":false,"template":"","format":"standard","meta":{"footnotes":""},"categories":[10],"tags":[],"class_list":["post-2761","post","type-post","status-publish","format-standard","hentry","category-aktualnosci"],"_links":{"self":[{"href":"https:\/\/osp.slonsk.pl\/index.php?rest_route=\/wp\/v2\/posts\/2761","targetHints":{"allow":["GET"]}}],"collection":[{"href":"https:\/\/osp.slonsk.pl\/index.php?rest_route=\/wp\/v2\/posts"}],"about":[{"href":"https:\/\/osp.slonsk.pl\/index.php?rest_route=\/wp\/v2\/types\/post"}],"author":[{"embeddable":true,"href":"https:\/\/osp.slonsk.pl\/index.php?rest_route=\/wp\/v2\/users\/1"}],"replies":[{"embeddable":true,"href":"https:\/\/osp.slonsk.pl\/index.php?rest_route=%2Fwp%2Fv2%2Fcomments&post=2761"}],"version-history":[{"count":4,"href":"https:\/\/osp.slonsk.pl\/index.php?rest_route=\/wp\/v2\/posts\/2761\/revisions"}],"predecessor-version":[{"id":2766,"href":"https:\/\/osp.slonsk.pl\/index.php?rest_route=\/wp\/v2\/posts\/2761\/revisions\/2766"}],"wp:attachment":[{"href":"https:\/\/osp.slonsk.pl\/index.php?rest_route=%2Fwp%2Fv2%2Fmedia&parent=2761"}],"wp:term":[{"taxonomy":"category","embeddable":true,"href":"https:\/\/osp.slonsk.pl\/index.php?rest_route=%2Fwp%2Fv2%2Fcategories&post=2761"},{"taxonomy":"post_tag","embeddable":true,"href":"https:\/\/osp.slonsk.pl\/index.php?rest_route=%2Fwp%2Fv2%2Ftags&post=2761"}],"curies":[{"name":"wp","href":"https:\/\/api.w.org\/{rel}","templated":true}]}}