{"id":2672,"date":"2015-04-17T11:23:39","date_gmt":"2015-04-17T09:23:39","guid":{"rendered":"http:\/\/osp.slonsk.pl\/?p=2672"},"modified":"2015-04-17T11:24:22","modified_gmt":"2015-04-17T09:24:22","slug":"wyrazy-wspolczucia-2","status":"publish","type":"post","link":"https:\/\/osp.slonsk.pl\/?p=2672","title":{"rendered":"Wyrazy wsp\u00f3\u0142czucia"},"content":{"rendered":"<p style=\"text-align: center;\"><a href=\"http:\/\/osp.slonsk.pl\/wp-content\/uploads\/2015\/04\/benedykt-kaczorowski1.png\"><img loading=\"lazy\" decoding=\"async\" class=\"alignleft size-medium wp-image-2673\" src=\"http:\/\/osp.slonsk.pl\/wp-content\/uploads\/2015\/04\/benedykt-kaczorowski1-222x300.png\" alt=\"benedykt-kaczorowski1\" width=\"222\" height=\"300\" srcset=\"https:\/\/osp.slonsk.pl\/wp-content\/uploads\/2015\/04\/benedykt-kaczorowski1-222x300.png 222w, https:\/\/osp.slonsk.pl\/wp-content\/uploads\/2015\/04\/benedykt-kaczorowski1.png 350w\" sizes=\"auto, (max-width: 222px) 100vw, 222px\" \/><\/a><\/p>\n<p style=\"text-align: center;\">Z g\u0142\u0119bokim \u017calem przyj\u0119li\u015bmy informacj\u0119,<\/p>\n<p style=\"text-align: center;\">\u017ce dnia 16 kwietnia br.<\/p>\n<p style=\"text-align: center;\">odszed\u0142 na wieczn\u0105 s\u0142u\u017cb\u0119 u boku \u015aw. Floriana<\/p>\n<p style=\"text-align: center;\"><strong>druh Benedykt Kaczorowski<\/strong><\/p>\n<p style=\"text-align: center;\">wieloletni stra\u017cak<br \/>\nOchotniczej Stra\u017cy Po\u017carnej w S\u0142o\u0144sku<\/p>\n<p style=\"text-align: center;\">odznaczony m.in<br \/>\nZ\u0142otym medalem za zas\u0142ugi dla po\u017carnictwa<\/p>\n<p style=\"text-align: center;\">oraz wyr\u00f3\u017cniony tytu\u0142em<br \/>\nDruha Honorowego OSP S\u0142o\u0144sk.<\/p>\n<p style=\"text-align: center;\">Pragniemy z\u0142o\u017cy\u0107 rodzinie i najbli\u017cszym wyrazy g\u0142\u0119bokiego wsp\u00f3\u0142czucia.<\/p>\n<p style=\"text-align: right;\"><strong>\u00a0Druhowie OSP S\u0142o\u0144sk<\/strong><\/p>\n","protected":false},"excerpt":{"rendered":"<p>Z g\u0142\u0119bokim \u017calem przyj\u0119li\u015bmy informacj\u0119, \u017ce dnia 16 kwietnia br. odszed\u0142 na wieczn\u0105 s\u0142u\u017cb\u0119 u boku \u015aw. Floriana druh Benedykt Kaczorowski wieloletni stra\u017cak Ochotniczej Stra\u017cy Po\u017carnej w S\u0142o\u0144sku odznaczony m.in Z\u0142otym medalem za zas\u0142ugi dla po\u017carnictwa oraz wyr\u00f3\u017cniony tytu\u0142em Druha Honorowego OSP S\u0142o\u0144sk. Pragniemy z\u0142o\u017cy\u0107 rodzinie i najbli\u017cszym wyrazy g\u0142\u0119bokiego&hellip; <\/p>\n","protected":false},"author":1,"featured_media":0,"comment_status":"closed","ping_status":"open","sticky":false,"template":"","format":"standard","meta":{"footnotes":""},"categories":[10],"tags":[],"class_list":["post-2672","post","type-post","status-publish","format-standard","hentry","category-aktualnosci"],"_links":{"self":[{"href":"https:\/\/osp.slonsk.pl\/index.php?rest_route=\/wp\/v2\/posts\/2672","targetHints":{"allow":["GET"]}}],"collection":[{"href":"https:\/\/osp.slonsk.pl\/index.php?rest_route=\/wp\/v2\/posts"}],"about":[{"href":"https:\/\/osp.slonsk.pl\/index.php?rest_route=\/wp\/v2\/types\/post"}],"author":[{"embeddable":true,"href":"https:\/\/osp.slonsk.pl\/index.php?rest_route=\/wp\/v2\/users\/1"}],"replies":[{"embeddable":true,"href":"https:\/\/osp.slonsk.pl\/index.php?rest_route=%2Fwp%2Fv2%2Fcomments&post=2672"}],"version-history":[{"count":2,"href":"https:\/\/osp.slonsk.pl\/index.php?rest_route=\/wp\/v2\/posts\/2672\/revisions"}],"predecessor-version":[{"id":2675,"href":"https:\/\/osp.slonsk.pl\/index.php?rest_route=\/wp\/v2\/posts\/2672\/revisions\/2675"}],"wp:attachment":[{"href":"https:\/\/osp.slonsk.pl\/index.php?rest_route=%2Fwp%2Fv2%2Fmedia&parent=2672"}],"wp:term":[{"taxonomy":"category","embeddable":true,"href":"https:\/\/osp.slonsk.pl\/index.php?rest_route=%2Fwp%2Fv2%2Fcategories&post=2672"},{"taxonomy":"post_tag","embeddable":true,"href":"https:\/\/osp.slonsk.pl\/index.php?rest_route=%2Fwp%2Fv2%2Ftags&post=2672"}],"curies":[{"name":"wp","href":"https:\/\/api.w.org\/{rel}","templated":true}]}}