{"id":2651,"date":"2015-04-09T20:26:02","date_gmt":"2015-04-09T18:26:02","guid":{"rendered":"http:\/\/osp.slonsk.pl\/?p=2651"},"modified":"2015-04-09T20:26:02","modified_gmt":"2015-04-09T18:26:02","slug":"pozar-komina-7","status":"publish","type":"post","link":"https:\/\/osp.slonsk.pl\/?p=2651","title":{"rendered":"Po\u017car komina"},"content":{"rendered":"<p>Dnia 8 kwietnia br. o godz. 6:08 jednostka OSP S\u0142o\u0144sk zosta\u0142a zadysponowana do po\u017caru komina w miejscowo\u015bci Lemierzyce.<\/p>\n<p><!--more--><\/p>\n<p>Po przyje\u017adzie na miejsce zdarzenia okaza\u0142o si\u0119 \u017ce pali si\u0119 sadza w kominie w budynku jednorodzinnym.\u00a0W dzia\u0142aniach udzia\u0142 wzi\u0119\u0142y 3 zast\u0119py: 2 JRG PSP Sul\u0119cin i 1 zast\u0119p OSP S\u0142o\u0144sk.<\/p>\n<div data-carousel-extra='{\"blog_id\":1,\"permalink\":\"https:\\\/\\\/osp.slonsk.pl\\\/?p=2651\",\"likes_blog_id\":false}' id='gallery-1' class='gallery galleryid-2651 gallery-columns-2 gallery-size-thumbnail'><figure class='gallery-item'>\n\t\t\t<div class='gallery-icon landscape'>\n\t\t\t\t<a href='https:\/\/osp.slonsk.pl\/wp-content\/uploads\/2015\/04\/pozar-komina-w-Lemierzycach-2015.04.08-fot-1.jpg'><img loading=\"lazy\" decoding=\"async\" width=\"150\" height=\"150\" src=\"https:\/\/osp.slonsk.pl\/wp-content\/uploads\/2015\/04\/pozar-komina-w-Lemierzycach-2015.04.08-fot-1-150x150.jpg\" class=\"attachment-thumbnail size-thumbnail\" alt=\"\" srcset=\"https:\/\/osp.slonsk.pl\/wp-content\/uploads\/2015\/04\/pozar-komina-w-Lemierzycach-2015.04.08-fot-1-150x150.jpg 150w, https:\/\/osp.slonsk.pl\/wp-content\/uploads\/2015\/04\/pozar-komina-w-Lemierzycach-2015.04.08-fot-1-144x144.jpg 144w\" sizes=\"auto, (max-width: 150px) 100vw, 150px\" data-attachment-id=\"2653\" data-orig-file=\"https:\/\/osp.slonsk.pl\/wp-content\/uploads\/2015\/04\/pozar-komina-w-Lemierzycach-2015.04.08-fot-1.jpg\" data-orig-size=\"800,450\" data-comments-opened=\"0\" data-image-meta=\"{&quot;aperture&quot;:&quot;0&quot;,&quot;credit&quot;:&quot;&quot;,&quot;camera&quot;:&quot;&quot;,&quot;caption&quot;:&quot;&quot;,&quot;created_timestamp&quot;:&quot;0&quot;,&quot;copyright&quot;:&quot;&quot;,&quot;focal_length&quot;:&quot;0&quot;,&quot;iso&quot;:&quot;0&quot;,&quot;shutter_speed&quot;:&quot;0&quot;,&quot;title&quot;:&quot;&quot;,&quot;orientation&quot;:&quot;0&quot;}\" data-image-title=\"pozar komina w Lemierzycach 2015.04.08 fot 1\" data-image-description=\"\" data-medium-file=\"https:\/\/osp.slonsk.pl\/wp-content\/uploads\/2015\/04\/pozar-komina-w-Lemierzycach-2015.04.08-fot-1-300x169.jpg\" data-large-file=\"https:\/\/osp.slonsk.pl\/wp-content\/uploads\/2015\/04\/pozar-komina-w-Lemierzycach-2015.04.08-fot-1.jpg\" \/><\/a>\n\t\t\t<\/div><\/figure><figure class='gallery-item'>\n\t\t\t<div class='gallery-icon landscape'>\n\t\t\t\t<a href='https:\/\/osp.slonsk.pl\/wp-content\/uploads\/2015\/04\/pozar-komina-w-Lemierzycach-2015.04.08-fot-2.jpg'><img loading=\"lazy\" decoding=\"async\" width=\"150\" height=\"150\" src=\"https:\/\/osp.slonsk.pl\/wp-content\/uploads\/2015\/04\/pozar-komina-w-Lemierzycach-2015.04.08-fot-2-150x150.jpg\" class=\"attachment-thumbnail size-thumbnail\" alt=\"\" srcset=\"https:\/\/osp.slonsk.pl\/wp-content\/uploads\/2015\/04\/pozar-komina-w-Lemierzycach-2015.04.08-fot-2-150x150.jpg 150w, https:\/\/osp.slonsk.pl\/wp-content\/uploads\/2015\/04\/pozar-komina-w-Lemierzycach-2015.04.08-fot-2-144x144.jpg 144w\" sizes=\"auto, (max-width: 150px) 100vw, 150px\" data-attachment-id=\"2654\" data-orig-file=\"https:\/\/osp.slonsk.pl\/wp-content\/uploads\/2015\/04\/pozar-komina-w-Lemierzycach-2015.04.08-fot-2.jpg\" data-orig-size=\"800,450\" data-comments-opened=\"0\" data-image-meta=\"{&quot;aperture&quot;:&quot;0&quot;,&quot;credit&quot;:&quot;&quot;,&quot;camera&quot;:&quot;&quot;,&quot;caption&quot;:&quot;&quot;,&quot;created_timestamp&quot;:&quot;0&quot;,&quot;copyright&quot;:&quot;&quot;,&quot;focal_length&quot;:&quot;0&quot;,&quot;iso&quot;:&quot;0&quot;,&quot;shutter_speed&quot;:&quot;0&quot;,&quot;title&quot;:&quot;&quot;,&quot;orientation&quot;:&quot;0&quot;}\" data-image-title=\"pozar komina w Lemierzycach 2015.04.08 fot 2\" data-image-description=\"\" data-medium-file=\"https:\/\/osp.slonsk.pl\/wp-content\/uploads\/2015\/04\/pozar-komina-w-Lemierzycach-2015.04.08-fot-2-300x169.jpg\" data-large-file=\"https:\/\/osp.slonsk.pl\/wp-content\/uploads\/2015\/04\/pozar-komina-w-Lemierzycach-2015.04.08-fot-2.jpg\" \/><\/a>\n\t\t\t<\/div><\/figure><figure class='gallery-item'>\n\t\t\t<div class='gallery-icon landscape'>\n\t\t\t\t<a href='https:\/\/osp.slonsk.pl\/wp-content\/uploads\/2015\/04\/pozar-komina-w-Lemierzycach-2015.04.08-fot-3.jpg'><img loading=\"lazy\" decoding=\"async\" width=\"150\" height=\"150\" src=\"https:\/\/osp.slonsk.pl\/wp-content\/uploads\/2015\/04\/pozar-komina-w-Lemierzycach-2015.04.08-fot-3-150x150.jpg\" class=\"attachment-thumbnail size-thumbnail\" alt=\"\" srcset=\"https:\/\/osp.slonsk.pl\/wp-content\/uploads\/2015\/04\/pozar-komina-w-Lemierzycach-2015.04.08-fot-3-150x150.jpg 150w, https:\/\/osp.slonsk.pl\/wp-content\/uploads\/2015\/04\/pozar-komina-w-Lemierzycach-2015.04.08-fot-3-144x144.jpg 144w\" sizes=\"auto, (max-width: 150px) 100vw, 150px\" data-attachment-id=\"2655\" data-orig-file=\"https:\/\/osp.slonsk.pl\/wp-content\/uploads\/2015\/04\/pozar-komina-w-Lemierzycach-2015.04.08-fot-3.jpg\" data-orig-size=\"800,450\" data-comments-opened=\"0\" data-image-meta=\"{&quot;aperture&quot;:&quot;0&quot;,&quot;credit&quot;:&quot;&quot;,&quot;camera&quot;:&quot;&quot;,&quot;caption&quot;:&quot;&quot;,&quot;created_timestamp&quot;:&quot;0&quot;,&quot;copyright&quot;:&quot;&quot;,&quot;focal_length&quot;:&quot;0&quot;,&quot;iso&quot;:&quot;0&quot;,&quot;shutter_speed&quot;:&quot;0&quot;,&quot;title&quot;:&quot;&quot;,&quot;orientation&quot;:&quot;0&quot;}\" data-image-title=\"pozar komina w Lemierzycach 2015.04.08 fot 3\" data-image-description=\"\" data-medium-file=\"https:\/\/osp.slonsk.pl\/wp-content\/uploads\/2015\/04\/pozar-komina-w-Lemierzycach-2015.04.08-fot-3-300x169.jpg\" data-large-file=\"https:\/\/osp.slonsk.pl\/wp-content\/uploads\/2015\/04\/pozar-komina-w-Lemierzycach-2015.04.08-fot-3.jpg\" \/><\/a>\n\t\t\t<\/div><\/figure><figure class='gallery-item'>\n\t\t\t<div class='gallery-icon portrait'>\n\t\t\t\t<a href='https:\/\/osp.slonsk.pl\/wp-content\/uploads\/2015\/04\/pozar-komina-w-Lemierzycach-2015.04.08-fot-4.jpg'><img loading=\"lazy\" decoding=\"async\" width=\"150\" height=\"150\" src=\"https:\/\/osp.slonsk.pl\/wp-content\/uploads\/2015\/04\/pozar-komina-w-Lemierzycach-2015.04.08-fot-4-150x150.jpg\" class=\"attachment-thumbnail size-thumbnail\" alt=\"\" srcset=\"https:\/\/osp.slonsk.pl\/wp-content\/uploads\/2015\/04\/pozar-komina-w-Lemierzycach-2015.04.08-fot-4-150x150.jpg 150w, https:\/\/osp.slonsk.pl\/wp-content\/uploads\/2015\/04\/pozar-komina-w-Lemierzycach-2015.04.08-fot-4-144x144.jpg 144w\" sizes=\"auto, (max-width: 150px) 100vw, 150px\" data-attachment-id=\"2656\" data-orig-file=\"https:\/\/osp.slonsk.pl\/wp-content\/uploads\/2015\/04\/pozar-komina-w-Lemierzycach-2015.04.08-fot-4.jpg\" data-orig-size=\"500,889\" data-comments-opened=\"0\" data-image-meta=\"{&quot;aperture&quot;:&quot;0&quot;,&quot;credit&quot;:&quot;&quot;,&quot;camera&quot;:&quot;&quot;,&quot;caption&quot;:&quot;&quot;,&quot;created_timestamp&quot;:&quot;0&quot;,&quot;copyright&quot;:&quot;&quot;,&quot;focal_length&quot;:&quot;0&quot;,&quot;iso&quot;:&quot;0&quot;,&quot;shutter_speed&quot;:&quot;0&quot;,&quot;title&quot;:&quot;&quot;,&quot;orientation&quot;:&quot;0&quot;}\" data-image-title=\"pozar komina w Lemierzycach 2015.04.08 fot 4\" data-image-description=\"\" data-medium-file=\"https:\/\/osp.slonsk.pl\/wp-content\/uploads\/2015\/04\/pozar-komina-w-Lemierzycach-2015.04.08-fot-4-169x300.jpg\" data-large-file=\"https:\/\/osp.slonsk.pl\/wp-content\/uploads\/2015\/04\/pozar-komina-w-Lemierzycach-2015.04.08-fot-4.jpg\" \/><\/a>\n\t\t\t<\/div><\/figure>\n\t\t<\/div>\n\n","protected":false},"excerpt":{"rendered":"<p>Dnia 8 kwietnia br. o godz. 6:08 jednostka OSP S\u0142o\u0144sk zosta\u0142a zadysponowana do po\u017caru komina w miejscowo\u015bci Lemierzyce.<\/p>\n","protected":false},"author":1,"featured_media":2652,"comment_status":"closed","ping_status":"open","sticky":false,"template":"","format":"standard","meta":{"footnotes":""},"categories":[10],"tags":[8,7,9],"class_list":["post-2651","post","type-post","status-publish","format-standard","has-post-thumbnail","hentry","category-aktualnosci","tag-osp-2","tag-osp-slonsk","tag-slonsk"],"_links":{"self":[{"href":"https:\/\/osp.slonsk.pl\/index.php?rest_route=\/wp\/v2\/posts\/2651","targetHints":{"allow":["GET"]}}],"collection":[{"href":"https:\/\/osp.slonsk.pl\/index.php?rest_route=\/wp\/v2\/posts"}],"about":[{"href":"https:\/\/osp.slonsk.pl\/index.php?rest_route=\/wp\/v2\/types\/post"}],"author":[{"embeddable":true,"href":"https:\/\/osp.slonsk.pl\/index.php?rest_route=\/wp\/v2\/users\/1"}],"replies":[{"embeddable":true,"href":"https:\/\/osp.slonsk.pl\/index.php?rest_route=%2Fwp%2Fv2%2Fcomments&post=2651"}],"version-history":[{"count":1,"href":"https:\/\/osp.slonsk.pl\/index.php?rest_route=\/wp\/v2\/posts\/2651\/revisions"}],"predecessor-version":[{"id":2657,"href":"https:\/\/osp.slonsk.pl\/index.php?rest_route=\/wp\/v2\/posts\/2651\/revisions\/2657"}],"wp:featuredmedia":[{"embeddable":true,"href":"https:\/\/osp.slonsk.pl\/index.php?rest_route=\/wp\/v2\/media\/2652"}],"wp:attachment":[{"href":"https:\/\/osp.slonsk.pl\/index.php?rest_route=%2Fwp%2Fv2%2Fmedia&parent=2651"}],"wp:term":[{"taxonomy":"category","embeddable":true,"href":"https:\/\/osp.slonsk.pl\/index.php?rest_route=%2Fwp%2Fv2%2Fcategories&post=2651"},{"taxonomy":"post_tag","embeddable":true,"href":"https:\/\/osp.slonsk.pl\/index.php?rest_route=%2Fwp%2Fv2%2Ftags&post=2651"}],"curies":[{"name":"wp","href":"https:\/\/api.w.org\/{rel}","templated":true}]}}